{"id":898,"date":"2024-06-07T14:35:16","date_gmt":"2024-06-07T12:35:16","guid":{"rendered":"https:\/\/zsmikulasezhusi.cz\/?p=898"},"modified":"2024-06-07T14:39:07","modified_gmt":"2024-06-07T12:39:07","slug":"skolni-vylet-pro-vyber-7-a-7-c","status":"publish","type":"post","link":"https:\/\/zsmikulasezhusi.cz\/?p=898","title":{"rendered":"\u0160koln\u00ed v\u00fdlet pro v\u00fdb\u011br 7.A + 7.C"},"content":{"rendered":"\n<p>C\u00edl: Ch\u00fdnovsk\u00e1 jeskyn\u011b<\/p>\n\n\n\n<p>Kdy: 7. 6. 2024<\/p>\n\n\n\n<p>\u00da\u010dastn\u00edci: Mgr. Roman V\u011b\u017en\u00edk, Mgr. Vladim\u00edr Rafaj, Mgr. Ad\u00e9la Navr\u00e1tilov\u00e1, Edita Dol\u00e1kov\u00e1, Daniela Kond\u00e1\u0161ov\u00e1<\/p>\n\n\n\n<p class=\"has-mobile-text-align-justify\">Dne 7.6. jsem se rozhodli podniknout v&nbsp;dne\u0161n\u00ed dob\u011b odv\u00e1\u017en\u00fd krok \u2013 vz\u00edt bandu sedm\u00e1k\u016f na&nbsp;v\u00fdlet na kolech. Sraz byl v&nbsp;7.45 na&nbsp;t\u00e1borsk\u00e9m p\u0159edm\u011bst\u00ed M\u011b\u0161ice. P\u00e1r odv\u00e1\u017elivc\u016f se se\u0161lo ji\u017e na vlakov\u00e9m n\u00e1dra\u017e\u00ed a spole\u010dn\u011b se prodrali auty ucpan\u00fdm m\u011bstem. Pan\u00ed asistentky Dol\u00e1kov\u00e1 a Kond\u00e1\u0161ov\u00e1 p\u0159ijely na m\u00edsto srazu autem a po celou dobu v\u00fdletu n\u00e1m poskytovaly podporu v&nbsp;podob\u011b mil\u00fdch \u00fasm\u011bv\u016f a odvozu batoh\u016f se sva\u010dinami, abychom se s nimi nemuseli tahat na kolech. Hned po v\u00fdjezdu jsme \u0159e\u0161ili probl\u00e9m s tkani\u010dkou u boty a asi po 7 minut\u00e1ch u\u017e jsme z\u00edskali trofej v podob\u011b od\u0159en\u00e9ho kolene. Po trochu hektick\u00e9m za\u010d\u00e1tku v\u0161ak cesta prob\u00edhala velmi plynule a pohodov\u011b&#8230;do prvn\u00edho v\u011bt\u0161\u00edho kopce. Ale i ten jsme v potu tv\u00e1\u0159e zdolali a odm\u011bnou n\u00e1m byl nejen kr\u00e1sn\u00fd v\u00fdhled na oblohu bez mr\u00e1\u010dku, ale i rychl\u00fd se\u0161up z kopce dol\u016f. V jedn\u00e9 z pobo\u010dek koncernu Coop si n\u011bkte\u0159\u00ed \u017e\u00e1ci doplnili z\u00e1soby energie, av\u0161ak c\u00edl byl ji\u017e v dohlednu a my se s velk\u00fdm p\u0159edstihem, se v\u0161emi kon\u010detinami a s pln\u00fdmi du\u0161emi, dostali na \u00fazem\u00ed Ch\u00fdnovsk\u00e9 jeskyn\u011b. Kaf\u00ed\u010dko, sva\u010dina, zmrzlina a st\u00edn n\u00e1s nabyly novou s\u00edlou a po chladiv\u00e9 prohl\u00eddce jeskyn\u00ed jsme se vydali na cestu zp\u011bt. Ale co to, pro\u010d nejedeme norm\u00e1ln\u011b po silnici? Tak p\u0159ece nebudeme padavky, ne? Zkr\u00e1tili jsme si cestu p\u0159es posekanou louku, kter\u00e1 se sice pro n\u011bkter\u00e1 kola stala osudnou, odneslo to p\u00e1r \u0159et\u011bz\u016f, ale nakonec i tato kola p\u0159ekonala most\u00edk p\u0159es pot\u016f\u010dek a po p\u0159\u00edjemn\u00e9 poln\u00ed cest\u011b lemovan\u00e9 rozkvetlou alej\u00ed jsme vyjeli kousek p\u0159ed Ch\u00fdnovem. V tomto m\u011bst\u011b jsme si nechali p\u00e1r minut na ob\u011bd, po kter\u00e9m jsme cht\u011bli nav\u0161t\u00edvit m\u00edstn\u00ed koupali\u0161t\u011b. To n\u00e1m ale p\u0159ekazilo pl\u00e1ny, nebo\u0165 se v n\u011bm nenach\u00e1zela ani kapka vody. I kdy\u017e, kapka tam n\u011bkde mo\u017en\u00e1 byla, ale z bl\u00ed\u017e\u00edc\u00edch se \u010dern\u00fdch mrak\u016f. Tak honem pry\u010d, co nejrychleji se schovat v lese, kdyby n\u00e1hodou opravdu za\u010dalo pr\u0161et. Dal\u0161\u00ed cesta u\u017e nevedla tolik po silnici ne\u017e cesta k jeskyn\u00edm, na\u0161li jsme n\u011bkolik stezek v les\u00edch a mezi poli a kdy\u017e jsme p\u0159ijeli do Z\u00e1rybni\u010dn\u00e9 Lhoty, vykouklo na n\u00e1s slun\u00ed\u010dko a p\u0159\u00edjemn\u00fd Kn\u00ed\u017eec\u00ed rybn\u00edk, a my mohli zchladit sv\u00e1 vyprahl\u00e1 t\u011bla v jeho vod\u00e1ch. Sice se musel o\u0161et\u0159it n\u011bjak\u00fd od\u0159en\u00fd palec, ale jinak jsme si to dost u\u017eili.&nbsp; Posledn\u00edch p\u00e1r kilometr\u016f u\u017e nebylo nijak dramatick\u00fdch a zp\u011bt na p\u016fvodn\u00ed m\u00edsto srazu jsme dojeli v\u0161ichni. Nakonec jsme o\u0161et\u0159ili je\u0161t\u011b str\u017een\u00fd strup, ale v kone\u010dn\u00e9m sou\u010dtu: v\u0161echny nohy, kola i hlavy dorazily v po\u0159\u00e1dku \ud83d\ude42<\/p>\n","protected":false},"excerpt":{"rendered":"<p>C\u00edl: Ch\u00fdnovsk\u00e1 jeskyn\u011b Kdy: 7. 6. 2024 \u00da\u010dastn\u00edci: Mgr. Roman V\u011b\u017en\u00edk, Mgr. Vladim\u00edr Rafaj, Mgr. Ad\u00e9la Navr\u00e1tilov\u00e1, Edita Dol\u00e1kov\u00e1, Daniela &hellip; <\/p>\n","protected":false},"author":2,"featured_media":900,"comment_status":"closed","ping_status":"","sticky":false,"template":"","format":"standard","meta":{"_editorskit_title_hidden":false,"_editorskit_reading_time":0,"_editorskit_is_block_options_detached":false,"_editorskit_block_options_position":"{}","footnotes":""},"categories":[5],"tags":[],"class_list":["post-898","post","type-post","status-publish","format-standard","has-post-thumbnail","hentry","category-novinky"],"featured_image_src":"https:\/\/zsmikulasezhusi.cz\/wp-content\/uploads\/2024\/06\/Vylet-7.AC_.jpg","featured_image_src_square":"https:\/\/zsmikulasezhusi.cz\/wp-content\/uploads\/2024\/06\/Vylet-7.AC_.jpg","author_info":{"display_name":"Roman V\u011b\u017en\u00edk","author_link":"https:\/\/zsmikulasezhusi.cz\/?author=2"},"rbea_author_info":{"display_name":"Roman V\u011b\u017en\u00edk","author_link":"https:\/\/zsmikulasezhusi.cz\/?author=2"},"rbea_excerpt_info":"C\u00edl: Ch\u00fdnovsk\u00e1 jeskyn\u011b Kdy: 7. 6. 2024 \u00da\u010dastn\u00edci: Mgr. Roman V\u011b\u017en\u00edk, Mgr. Vladim\u00edr Rafaj, Mgr. Ad\u00e9la Navr\u00e1tilov\u00e1, Edita Dol\u00e1kov\u00e1, Daniela &hellip; ","category_list":"<a href=\"https:\/\/zsmikulasezhusi.cz\/?cat=5\" rel=\"category\">Novinky<\/a>","comments_num":"0 comments","_links":{"self":[{"href":"https:\/\/zsmikulasezhusi.cz\/index.php?rest_route=\/wp\/v2\/posts\/898","targetHints":{"allow":["GET"]}}],"collection":[{"href":"https:\/\/zsmikulasezhusi.cz\/index.php?rest_route=\/wp\/v2\/posts"}],"about":[{"href":"https:\/\/zsmikulasezhusi.cz\/index.php?rest_route=\/wp\/v2\/types\/post"}],"author":[{"embeddable":true,"href":"https:\/\/zsmikulasezhusi.cz\/index.php?rest_route=\/wp\/v2\/users\/2"}],"replies":[{"embeddable":true,"href":"https:\/\/zsmikulasezhusi.cz\/index.php?rest_route=%2Fwp%2Fv2%2Fcomments&post=898"}],"version-history":[{"count":1,"href":"https:\/\/zsmikulasezhusi.cz\/index.php?rest_route=\/wp\/v2\/posts\/898\/revisions"}],"predecessor-version":[{"id":899,"href":"https:\/\/zsmikulasezhusi.cz\/index.php?rest_route=\/wp\/v2\/posts\/898\/revisions\/899"}],"wp:featuredmedia":[{"embeddable":true,"href":"https:\/\/zsmikulasezhusi.cz\/index.php?rest_route=\/wp\/v2\/media\/900"}],"wp:attachment":[{"href":"https:\/\/zsmikulasezhusi.cz\/index.php?rest_route=%2Fwp%2Fv2%2Fmedia&parent=898"}],"wp:term":[{"taxonomy":"category","embeddable":true,"href":"https:\/\/zsmikulasezhusi.cz\/index.php?rest_route=%2Fwp%2Fv2%2Fcategories&post=898"},{"taxonomy":"post_tag","embeddable":true,"href":"https:\/\/zsmikulasezhusi.cz\/index.php?rest_route=%2Fwp%2Fv2%2Ftags&post=898"}],"curies":[{"name":"wp","href":"https:\/\/api.w.org\/{rel}","templated":true}]}}