{"id":609,"date":"2024-04-16T10:24:07","date_gmt":"2024-04-16T08:24:07","guid":{"rendered":"https:\/\/zsmikulasezhusi.cz\/?p=609"},"modified":"2024-04-16T10:24:07","modified_gmt":"2024-04-16T08:24:07","slug":"breznove-aktivity-v-druzine","status":"publish","type":"post","link":"https:\/\/zsmikulasezhusi.cz\/?p=609","title":{"rendered":"B\u0158EZNOV\u00c9 AKTIVITY V DRU\u017dIN\u011a"},"content":{"rendered":"\n<p>V\u0161echna t\u0159i odd\u011blen\u00ed se n\u011bkolikr\u00e1t se\u0161la na spole\u010dn\u00fdch akc\u00edch. Bylo to na eduka\u010dn\u00edm programu pat\u0159\u00edc\u00ed velikono\u010dn\u00ed v\u00fdstav\u011b \u2013 Poutn\u00ed m\u00edsta, a na velikono\u010dn\u00ed d\u00edln\u011b v&nbsp;prostor\u00e1ch \u017di\u017ekovy ba\u0161ty, kde si d\u011bti vyr\u00e1b\u011bly pod veden\u00edm pan\u00ed vychovatelek a u\u010ditelek velikono\u010dn\u00ed a jarn\u00ed dekorace. Tvo\u0159ilo se i mimo d\u00edlnu. D\u011bti si odnesly zaj\u00ed\u010dka s&nbsp;ko\u0161\u00ed\u010dkem a velikono\u010dn\u00ed ta\u0161ti\u010dku.<\/p>\n\n\n\n<p>D\u011bti vystupovaly se sv\u00fdm&nbsp;jarn\u00edm programem v&nbsp;Alzheimer centru, a proto vyrobily ka\u017ed\u00e9 babi\u010dce, d\u011bde\u010dkovi i o\u0161et\u0159ovatelk\u00e1m d\u00e1re\u010dek v&nbsp;podob\u011b podlo\u017eky pod hrne\u010dek.<\/p>\n\n\n\n<p>D\u00e1le se v\u0161echna odd\u011blen\u00ed dru\u017einy zapojila do v\u00fdtvarn\u00e9 sout\u011b\u017ee \u201eMoje vysn\u011bn\u00e1 knihovna\u201c.<\/p>\n\n\n\n<p>Naposledy v&nbsp;tomto \u0161koln\u00edm roce pro\u017eily d\u011bti odpoledne v&nbsp;knihovn\u011b se \u0160\u00e1rkou, se kterou jsme spolupracovali po cel\u00fd rok. Tentokr\u00e1t jsme si pov\u00eddali o \u0159emeslech.<\/p>\n\n\n\n<p>D\u011bti si po zim\u011b upravily i prostor p\u0159ed Ba\u0161tou.<\/p>\n\n\n\n<p>Dal\u0161\u00ed na\u0161\u00ed aktivitou byla n\u00e1v\u0161t\u011bva filmov\u00e9ho p\u0159edstaven\u00ed Ella a \u010dern\u00fd jagu\u00e1r \u2013 zhl\u00e9dnut\u00ed doporu\u010dujeme v\u0161em.<\/p>\n\n\n\n<p>T\u0159e\u0161ni\u010dkou na dortu byla \u201eNoc s&nbsp;Andersenem\u201c. Letos se v\u0161e odehr\u00e1valo v&nbsp;knihovn\u011b na Pra\u017esk\u00e9m s\u00eddli\u0161ti a t\u00e9matem t\u00e9to akce byl sv\u011bt pln\u00fd m\u00fdtick\u00fdch bytost\u00ed podle p\u0159edlohy knihy Robinson od Petra S\u00edse. Pod veden\u00edm pan\u00ed \u0160\u00e1chov\u00e9 jsme si akci moc u\u017eili.<\/p>\n\n\n\n<p>B\u0159ezen se vyda\u0159il.<\/p>\n","protected":false},"excerpt":{"rendered":"<p>V\u0161echna t\u0159i odd\u011blen\u00ed se n\u011bkolikr\u00e1t se\u0161la na spole\u010dn\u00fdch akc\u00edch. Bylo to na eduka\u010dn\u00edm programu pat\u0159\u00edc\u00ed velikono\u010dn\u00ed v\u00fdstav\u011b \u2013 Poutn\u00ed m\u00edsta, &hellip; <\/p>\n","protected":false},"author":1,"featured_media":0,"comment_status":"closed","ping_status":"","sticky":false,"template":"","format":"standard","meta":{"_editorskit_title_hidden":false,"_editorskit_reading_time":0,"_editorskit_is_block_options_detached":false,"_editorskit_block_options_position":"{}","footnotes":""},"categories":[4],"tags":[],"class_list":["post-609","post","type-post","status-publish","format-standard","hentry","category-skolni-druzina"],"featured_image_src":"","featured_image_src_square":false,"author_info":{"display_name":"admin","author_link":"https:\/\/zsmikulasezhusi.cz\/?author=1"},"rbea_author_info":{"display_name":"admin","author_link":"https:\/\/zsmikulasezhusi.cz\/?author=1"},"rbea_excerpt_info":"V\u0161echna t\u0159i odd\u011blen\u00ed se n\u011bkolikr\u00e1t se\u0161la na spole\u010dn\u00fdch akc\u00edch. Bylo to na eduka\u010dn\u00edm programu pat\u0159\u00edc\u00ed velikono\u010dn\u00ed v\u00fdstav\u011b \u2013 Poutn\u00ed m\u00edsta, &hellip; ","category_list":"<a href=\"https:\/\/zsmikulasezhusi.cz\/?cat=4\" rel=\"category\">\u0161koln\u00ed dru\u017eina<\/a>","comments_num":"0 comments","_links":{"self":[{"href":"https:\/\/zsmikulasezhusi.cz\/index.php?rest_route=\/wp\/v2\/posts\/609","targetHints":{"allow":["GET"]}}],"collection":[{"href":"https:\/\/zsmikulasezhusi.cz\/index.php?rest_route=\/wp\/v2\/posts"}],"about":[{"href":"https:\/\/zsmikulasezhusi.cz\/index.php?rest_route=\/wp\/v2\/types\/post"}],"author":[{"embeddable":true,"href":"https:\/\/zsmikulasezhusi.cz\/index.php?rest_route=\/wp\/v2\/users\/1"}],"replies":[{"embeddable":true,"href":"https:\/\/zsmikulasezhusi.cz\/index.php?rest_route=%2Fwp%2Fv2%2Fcomments&post=609"}],"version-history":[{"count":1,"href":"https:\/\/zsmikulasezhusi.cz\/index.php?rest_route=\/wp\/v2\/posts\/609\/revisions"}],"predecessor-version":[{"id":610,"href":"https:\/\/zsmikulasezhusi.cz\/index.php?rest_route=\/wp\/v2\/posts\/609\/revisions\/610"}],"wp:attachment":[{"href":"https:\/\/zsmikulasezhusi.cz\/index.php?rest_route=%2Fwp%2Fv2%2Fmedia&parent=609"}],"wp:term":[{"taxonomy":"category","embeddable":true,"href":"https:\/\/zsmikulasezhusi.cz\/index.php?rest_route=%2Fwp%2Fv2%2Fcategories&post=609"},{"taxonomy":"post_tag","embeddable":true,"href":"https:\/\/zsmikulasezhusi.cz\/index.php?rest_route=%2Fwp%2Fv2%2Ftags&post=609"}],"curies":[{"name":"wp","href":"https:\/\/api.w.org\/{rel}","templated":true}]}}