{"id":545,"date":"2024-04-08T11:16:02","date_gmt":"2024-04-08T09:16:02","guid":{"rendered":"https:\/\/zsmikulasezhusi.cz\/?p=545"},"modified":"2024-04-11T08:40:35","modified_gmt":"2024-04-11T06:40:35","slug":"kandidatni-listina-voleb-clenu-skolske-rady","status":"publish","type":"post","link":"https:\/\/zsmikulasezhusi.cz\/?p=545","title":{"rendered":"Kandid\u00e1tn\u00ed listina voleb \u010dlen\u016f \u0161kolsk\u00e9 rady"},"content":{"rendered":"<div class=\"wp-block-image\">\n<figure class=\"alignleft size-full\"><img loading=\"lazy\" decoding=\"async\" width=\"121\" height=\"90\" src=\"https:\/\/zsmikulasezhusi.cz\/wp-content\/uploads\/2024\/01\/logo-skoly.png\" alt=\"\" class=\"wp-image-46\"\/><\/figure>\n<\/div>\n\n\n<p class=\"has-text-align-left\">Z\u00e1kladn\u00ed \u0161kola a Mate\u0159sk\u00e1 \u0161kola T\u00e1bor, n\u00e1m\u011bst\u00ed Mikul\u00e1\u0161e z Husi 45<br>n\u00e1m\u011bst\u00ed Mikul\u00e1\u0161e z Husi 45 I 390 01 T\u00e1bor<\/p>\n\n\n\n<div class=\"wp-block-responsive-block-editor-addons-spacer responsive-block-editor-addons-block-spacer block-124772ed-2eb3-4299-be25-8eeee7e287a0 responsive-block-editor-addons-spacer\"> <\/div>\n\n\n\n<p class=\"has-text-align-center\"><strong>Kandid\u00e1tn\u00ed listina voleb \u010dlen\u016f \u0161kolsk\u00e9 rady<\/strong><\/p>\n\n\n\n<p class=\"has-text-align-center\"><strong>Z\u0160 a M\u0160 T\u00e1bor, n\u00e1m\u011bst\u00ed Mikul\u00e1\u0161e z&nbsp;Husi 45<\/strong><\/p>\n\n\n\n<p>Jm\u00e9na kandid\u00e1t\u016f z&nbsp;\u0159ad z\u00e1konn\u00fdch z\u00e1stupc\u016f nezletil\u00fdch \u017e\u00e1k\u016f (\u0159azeno abecedn\u011b):<\/p>\n\n\n\n<ol class=\"wp-block-list\" start=\"1\">\n<li>Ing. Kamila C\u00edlkov\u00e1<\/li>\n\n\n\n<li>Mgr. Marcela Don\u010denko<\/li>\n\n\n\n<li>Lenka Mike\u0161ov\u00e1<\/li>\n\n\n\n<li>Mgr. Petr Pavli\u0161<\/li>\n<\/ol>\n\n\n\n<p>Volby prob\u011bhnou elektronick\u00fdm hlasov\u00e1n\u00edm prost\u0159ednictv\u00edm \u0160koly OnLine. P\u0159i hlasov\u00e1n\u00ed vyberte a ozna\u010dte dva kandid\u00e1ty, kter\u00fdm chcete d\u00e1t sv\u016fj hlas, a vybranou odpov\u011b\u010f ode\u0161lete. Volit m\u016f\u017eete od 15. 4. 2024 do 19. 4. 2024. Kandid\u00e1ti s\u00a0nejv\u011bt\u0161\u00edm po\u010dtem hlas\u016f se st\u00e1vaj\u00ed \u010dleny \u0161kolsk\u00e9 rady. V\u00fdsledky voleb zve\u0159ejn\u00ed \u0159editel \u0161koly na webov\u00fdch str\u00e1nk\u00e1ch \u0161koly.<\/p>\n\n\n\n<p class=\"has-text-align-left\">V\u00a0T\u00e1bo\u0159e dne 8. 4. 2024\u00a0\u00a0\u00a0\u00a0\u00a0\u00a0\u00a0\u00a0\u00a0\u00a0\u00a0\u00a0\u00a0\u00a0\u00a0\u00a0\u00a0\u00a0\u00a0\u00a0\u00a0\u00a0\u00a0\u00a0\u00a0\u00a0\u00a0\u00a0\u00a0\u00a0\u00a0\u00a0\u00a0\u00a0\u00a0\u00a0\u00a0\u00a0\u00a0\u00a0\u00a0\u00a0\u00a0\u00a0\u00a0\u00a0\u00a0\u00a0\u00a0\u00a0\u00a0\u00a0\u00a0\u00a0\u00a0\u00a0\u00a0\u00a0\u00a0\u00a0 <\/p>\n\n\n\n<p class=\"has-text-align-right\">Mgr. Ladislav K\u0159emen<br>\u0159editel \u0161koly<\/p>\n\n\n\n<p class=\"has-text-align-center\">\u00a0\u00a0\u00a0\u00a0\u00a0\u00a0\u00a0\u00a0\u00a0\u00a0\u00a0\u00a0\u00a0\u00a0\u00a0\u00a0\u00a0\u00a0\u00a0\u00a0\u00a0\u00a0\u00a0\u00a0\u00a0\u00a0\u00a0\u00a0\u00a0\u00a0\u00a0\u00a0\u00a0\u00a0\u00a0\u00a0\u00a0\u00a0\u00a0\u00a0\u00a0\u00a0\u00a0\u00a0\u00a0\u00a0\u00a0\u00a0\u00a0\u00a0\u00a0\u00a0\u00a0\u00a0\u00a0\u00a0\u00a0\u00a0\u00a0\u00a0\u00a0\u00a0\u00a0\u00a0\u00a0\u00a0\u00a0\u00a0\u00a0\u00a0\u00a0\u00a0\u00a0\u00a0\u00a0\u00a0\u00a0\u00a0\u00a0\u00a0\u00a0\u00a0\u00a0\u00a0\u00a0\u00a0\u00a0\u00a0\u00a0\u00a0\u00a0\u00a0\u00a0\u00a0\u00a0\u00a0\u00a0\u00a0\u00a0\u00a0\u00a0\u00a0\u00a0\u00a0<\/p>\n\n\n<div class=\"wp-block-image\">\n<figure class=\"aligncenter size-full is-resized\"><img loading=\"lazy\" decoding=\"async\" width=\"805\" height=\"74\" src=\"https:\/\/zsmikulasezhusi.cz\/wp-content\/uploads\/2024\/04\/paticka_tabor.png\" alt=\"\" class=\"wp-image-548\" style=\"width:851px;height:auto\" srcset=\"https:\/\/zsmikulasezhusi.cz\/wp-content\/uploads\/2024\/04\/paticka_tabor.png 805w, https:\/\/zsmikulasezhusi.cz\/wp-content\/uploads\/2024\/04\/paticka_tabor-300x28.png 300w, https:\/\/zsmikulasezhusi.cz\/wp-content\/uploads\/2024\/04\/paticka_tabor-768x71.png 768w\" sizes=\"auto, (max-width: 805px) 100vw, 805px\" \/><\/figure>\n<\/div>","protected":false},"excerpt":{"rendered":"<p>Z\u00e1kladn\u00ed \u0161kola a Mate\u0159sk\u00e1 \u0161kola T\u00e1bor, n\u00e1m\u011bst\u00ed Mikul\u00e1\u0161e z Husi 45n\u00e1m\u011bst\u00ed Mikul\u00e1\u0161e z Husi 45 I 390 01 T\u00e1bor Kandid\u00e1tn\u00ed &hellip; <\/p>\n","protected":false},"author":2,"featured_media":209,"comment_status":"closed","ping_status":"closed","sticky":false,"template":"","format":"standard","meta":{"_editorskit_title_hidden":false,"_editorskit_reading_time":0,"_editorskit_is_block_options_detached":false,"_editorskit_block_options_position":"{}","footnotes":""},"categories":[5],"tags":[],"class_list":["post-545","post","type-post","status-publish","format-standard","has-post-thumbnail","hentry","category-novinky"],"featured_image_src":"https:\/\/zsmikulasezhusi.cz\/wp-content\/uploads\/2024\/03\/numbers-4014181_1920.jpg","featured_image_src_square":"https:\/\/zsmikulasezhusi.cz\/wp-content\/uploads\/2024\/03\/numbers-4014181_1920.jpg","author_info":{"display_name":"Roman V\u011b\u017en\u00edk","author_link":"https:\/\/zsmikulasezhusi.cz\/?author=2"},"rbea_author_info":{"display_name":"Roman V\u011b\u017en\u00edk","author_link":"https:\/\/zsmikulasezhusi.cz\/?author=2"},"rbea_excerpt_info":"Z\u00e1kladn\u00ed \u0161kola a Mate\u0159sk\u00e1 \u0161kola T\u00e1bor, n\u00e1m\u011bst\u00ed Mikul\u00e1\u0161e z Husi 45n\u00e1m\u011bst\u00ed Mikul\u00e1\u0161e z Husi 45 I 390 01 T\u00e1bor Kandid\u00e1tn\u00ed &hellip; ","category_list":"<a href=\"https:\/\/zsmikulasezhusi.cz\/?cat=5\" rel=\"category\">Novinky<\/a>","comments_num":"0 comments","_links":{"self":[{"href":"https:\/\/zsmikulasezhusi.cz\/index.php?rest_route=\/wp\/v2\/posts\/545","targetHints":{"allow":["GET"]}}],"collection":[{"href":"https:\/\/zsmikulasezhusi.cz\/index.php?rest_route=\/wp\/v2\/posts"}],"about":[{"href":"https:\/\/zsmikulasezhusi.cz\/index.php?rest_route=\/wp\/v2\/types\/post"}],"author":[{"embeddable":true,"href":"https:\/\/zsmikulasezhusi.cz\/index.php?rest_route=\/wp\/v2\/users\/2"}],"replies":[{"embeddable":true,"href":"https:\/\/zsmikulasezhusi.cz\/index.php?rest_route=%2Fwp%2Fv2%2Fcomments&post=545"}],"version-history":[{"count":5,"href":"https:\/\/zsmikulasezhusi.cz\/index.php?rest_route=\/wp\/v2\/posts\/545\/revisions"}],"predecessor-version":[{"id":551,"href":"https:\/\/zsmikulasezhusi.cz\/index.php?rest_route=\/wp\/v2\/posts\/545\/revisions\/551"}],"wp:featuredmedia":[{"embeddable":true,"href":"https:\/\/zsmikulasezhusi.cz\/index.php?rest_route=\/wp\/v2\/media\/209"}],"wp:attachment":[{"href":"https:\/\/zsmikulasezhusi.cz\/index.php?rest_route=%2Fwp%2Fv2%2Fmedia&parent=545"}],"wp:term":[{"taxonomy":"category","embeddable":true,"href":"https:\/\/zsmikulasezhusi.cz\/index.php?rest_route=%2Fwp%2Fv2%2Fcategories&post=545"},{"taxonomy":"post_tag","embeddable":true,"href":"https:\/\/zsmikulasezhusi.cz\/index.php?rest_route=%2Fwp%2Fv2%2Ftags&post=545"}],"curies":[{"name":"wp","href":"https:\/\/api.w.org\/{rel}","templated":true}]}}