{"id":1492,"date":"2025-04-25T19:36:34","date_gmt":"2025-04-25T17:36:34","guid":{"rendered":"https:\/\/zsmikulasezhusi.cz\/?p=1492"},"modified":"2025-04-25T19:39:19","modified_gmt":"2025-04-25T17:39:19","slug":"mlady-straznik-2025","status":"publish","type":"post","link":"https:\/\/zsmikulasezhusi.cz\/?p=1492","title":{"rendered":"Mlad\u00fd str\u00e1\u017en\u00edk 2025"},"content":{"rendered":"\n<p>Dne 23. 4. se z\u00fa\u010dastnily vybran\u00e9 skupinky 1. stupn\u011b akce Mlad\u00fd str\u00e1\u017en\u00edk na Harrachovce v T\u00e1bo\u0159e. D\u011bti m\u011bly n\u011bkolik rozli\u010dn\u00fdch \u00fakol\u016f v orienta\u010dn\u00edm b\u011bhu na 3 km, kde hlavn\u011b dominovala spolupr\u00e1ce skupinek. D\u011bti byly ze z\u00e1vod\u016f nad\u0161en\u00e9. Po\u010das\u00ed se povedlo a \u017ee jsme nest\u00e1li na stupn\u00edch v\u00edt\u011bz\u016f? Nevad\u00ed, r\u00e1di jsme se z\u00fa\u010dastnili a t\u011b\u0161\u00edme se na dal\u0161\u00ed ro\u010dn\u00edk.<\/p>\n","protected":false},"excerpt":{"rendered":"<p>Dne 23. 4. se z\u00fa\u010dastnily vybran\u00e9 skupinky 1. stupn\u011b akce Mlad\u00fd str\u00e1\u017en\u00edk na Harrachovce v T\u00e1bo\u0159e. D\u011bti m\u011bly n\u011bkolik rozli\u010dn\u00fdch &hellip; <\/p>\n","protected":false},"author":3,"featured_media":1496,"comment_status":"closed","ping_status":"","sticky":false,"template":"","format":"standard","meta":{"_editorskit_title_hidden":false,"_editorskit_reading_time":0,"_editorskit_is_block_options_detached":false,"_editorskit_block_options_position":"{}","footnotes":""},"categories":[5],"tags":[],"class_list":["post-1492","post","type-post","status-publish","format-standard","has-post-thumbnail","hentry","category-novinky"],"featured_image_src":"https:\/\/zsmikulasezhusi.cz\/wp-content\/uploads\/2025\/04\/IMG_20250423_130754-scaled.jpg","featured_image_src_square":"https:\/\/zsmikulasezhusi.cz\/wp-content\/uploads\/2025\/04\/IMG_20250423_130754-scaled.jpg","author_info":{"display_name":"Luk\u00e1\u0161 Kr\u00e1l\u00edk","author_link":"https:\/\/zsmikulasezhusi.cz\/?author=3"},"rbea_author_info":{"display_name":"Luk\u00e1\u0161 Kr\u00e1l\u00edk","author_link":"https:\/\/zsmikulasezhusi.cz\/?author=3"},"rbea_excerpt_info":"Dne 23. 4. se z\u00fa\u010dastnily vybran\u00e9 skupinky 1. stupn\u011b akce Mlad\u00fd str\u00e1\u017en\u00edk na Harrachovce v T\u00e1bo\u0159e. D\u011bti m\u011bly n\u011bkolik rozli\u010dn\u00fdch &hellip; ","category_list":"<a href=\"https:\/\/zsmikulasezhusi.cz\/?cat=5\" rel=\"category\">Novinky<\/a>","comments_num":"0 comments","_links":{"self":[{"href":"https:\/\/zsmikulasezhusi.cz\/index.php?rest_route=\/wp\/v2\/posts\/1492","targetHints":{"allow":["GET"]}}],"collection":[{"href":"https:\/\/zsmikulasezhusi.cz\/index.php?rest_route=\/wp\/v2\/posts"}],"about":[{"href":"https:\/\/zsmikulasezhusi.cz\/index.php?rest_route=\/wp\/v2\/types\/post"}],"author":[{"embeddable":true,"href":"https:\/\/zsmikulasezhusi.cz\/index.php?rest_route=\/wp\/v2\/users\/3"}],"replies":[{"embeddable":true,"href":"https:\/\/zsmikulasezhusi.cz\/index.php?rest_route=%2Fwp%2Fv2%2Fcomments&post=1492"}],"version-history":[{"count":1,"href":"https:\/\/zsmikulasezhusi.cz\/index.php?rest_route=\/wp\/v2\/posts\/1492\/revisions"}],"predecessor-version":[{"id":1494,"href":"https:\/\/zsmikulasezhusi.cz\/index.php?rest_route=\/wp\/v2\/posts\/1492\/revisions\/1494"}],"wp:featuredmedia":[{"embeddable":true,"href":"https:\/\/zsmikulasezhusi.cz\/index.php?rest_route=\/wp\/v2\/media\/1496"}],"wp:attachment":[{"href":"https:\/\/zsmikulasezhusi.cz\/index.php?rest_route=%2Fwp%2Fv2%2Fmedia&parent=1492"}],"wp:term":[{"taxonomy":"category","embeddable":true,"href":"https:\/\/zsmikulasezhusi.cz\/index.php?rest_route=%2Fwp%2Fv2%2Fcategories&post=1492"},{"taxonomy":"post_tag","embeddable":true,"href":"https:\/\/zsmikulasezhusi.cz\/index.php?rest_route=%2Fwp%2Fv2%2Ftags&post=1492"}],"curies":[{"name":"wp","href":"https:\/\/api.w.org\/{rel}","templated":true}]}}