{"id":1443,"date":"2025-04-12T15:31:24","date_gmt":"2025-04-12T13:31:24","guid":{"rendered":"https:\/\/zsmikulasezhusi.cz\/?p=1443"},"modified":"2025-04-12T16:24:33","modified_gmt":"2025-04-12T14:24:33","slug":"den-otevrenych-dveri-3","status":"publish","type":"post","link":"https:\/\/zsmikulasezhusi.cz\/?p=1443","title":{"rendered":"Den otev\u0159en\u00fdch dve\u0159\u00ed"},"content":{"rendered":"\n<p>Ve st\u0159edu 26. b\u0159ezna se na na\u0161\u00ed \u0161kole konal Den otev\u0159en\u00fdch dve\u0159\u00ed.<\/p>\n\n\n\n<figure class=\"wp-block-embed is-type-video is-provider-youtube wp-block-embed-youtube wp-embed-aspect-16-9 wp-has-aspect-ratio\"><div class=\"wp-block-embed__wrapper\">\n<iframe loading=\"lazy\" title=\"Den otev\u0159en\u00fdch dve\u0159\u00ed\" width=\"750\" height=\"422\" src=\"https:\/\/www.youtube.com\/embed\/sqWN0UU1U58?feature=oembed\" frameborder=\"0\" allow=\"accelerometer; autoplay; clipboard-write; encrypted-media; gyroscope; picture-in-picture; web-share\" referrerpolicy=\"strict-origin-when-cross-origin\" allowfullscreen><\/iframe>\n<\/div><\/figure>\n","protected":false},"excerpt":{"rendered":"<p>Ve st\u0159edu 26. b\u0159ezna se na na\u0161\u00ed \u0161kole konal Den otev\u0159en\u00fdch dve\u0159\u00ed.<\/p>\n","protected":false},"author":3,"featured_media":1451,"comment_status":"closed","ping_status":"","sticky":false,"template":"","format":"standard","meta":{"_editorskit_title_hidden":false,"_editorskit_reading_time":0,"_editorskit_is_block_options_detached":false,"_editorskit_block_options_position":"{}","footnotes":""},"categories":[5],"tags":[],"class_list":["post-1443","post","type-post","status-publish","format-standard","has-post-thumbnail","hentry","category-novinky"],"featured_image_src":"https:\/\/zsmikulasezhusi.cz\/wp-content\/uploads\/2025\/04\/IMG_9488-scaled.jpg","featured_image_src_square":"https:\/\/zsmikulasezhusi.cz\/wp-content\/uploads\/2025\/04\/IMG_9488-scaled.jpg","author_info":{"display_name":"Luk\u00e1\u0161 Kr\u00e1l\u00edk","author_link":"https:\/\/zsmikulasezhusi.cz\/?author=3"},"rbea_author_info":{"display_name":"Luk\u00e1\u0161 Kr\u00e1l\u00edk","author_link":"https:\/\/zsmikulasezhusi.cz\/?author=3"},"rbea_excerpt_info":"Ve st\u0159edu 26. b\u0159ezna se na na\u0161\u00ed \u0161kole konal Den otev\u0159en\u00fdch dve\u0159\u00ed.","category_list":"<a href=\"https:\/\/zsmikulasezhusi.cz\/?cat=5\" rel=\"category\">Novinky<\/a>","comments_num":"0 comments","_links":{"self":[{"href":"https:\/\/zsmikulasezhusi.cz\/index.php?rest_route=\/wp\/v2\/posts\/1443","targetHints":{"allow":["GET"]}}],"collection":[{"href":"https:\/\/zsmikulasezhusi.cz\/index.php?rest_route=\/wp\/v2\/posts"}],"about":[{"href":"https:\/\/zsmikulasezhusi.cz\/index.php?rest_route=\/wp\/v2\/types\/post"}],"author":[{"embeddable":true,"href":"https:\/\/zsmikulasezhusi.cz\/index.php?rest_route=\/wp\/v2\/users\/3"}],"replies":[{"embeddable":true,"href":"https:\/\/zsmikulasezhusi.cz\/index.php?rest_route=%2Fwp%2Fv2%2Fcomments&post=1443"}],"version-history":[{"count":1,"href":"https:\/\/zsmikulasezhusi.cz\/index.php?rest_route=\/wp\/v2\/posts\/1443\/revisions"}],"predecessor-version":[{"id":1445,"href":"https:\/\/zsmikulasezhusi.cz\/index.php?rest_route=\/wp\/v2\/posts\/1443\/revisions\/1445"}],"wp:featuredmedia":[{"embeddable":true,"href":"https:\/\/zsmikulasezhusi.cz\/index.php?rest_route=\/wp\/v2\/media\/1451"}],"wp:attachment":[{"href":"https:\/\/zsmikulasezhusi.cz\/index.php?rest_route=%2Fwp%2Fv2%2Fmedia&parent=1443"}],"wp:term":[{"taxonomy":"category","embeddable":true,"href":"https:\/\/zsmikulasezhusi.cz\/index.php?rest_route=%2Fwp%2Fv2%2Fcategories&post=1443"},{"taxonomy":"post_tag","embeddable":true,"href":"https:\/\/zsmikulasezhusi.cz\/index.php?rest_route=%2Fwp%2Fv2%2Ftags&post=1443"}],"curies":[{"name":"wp","href":"https:\/\/api.w.org\/{rel}","templated":true}]}}