{"id":1270,"date":"2025-02-27T15:07:54","date_gmt":"2025-02-27T14:07:54","guid":{"rendered":"https:\/\/zsmikulasezhusi.cz\/?p=1270"},"modified":"2025-02-27T16:03:26","modified_gmt":"2025-02-27T15:03:26","slug":"lyzarsky-kurz-v-aprice","status":"publish","type":"post","link":"https:\/\/zsmikulasezhusi.cz\/?p=1270","title":{"rendered":"Ly\u017ea\u0159sk\u00fd kurz v Aprice"},"content":{"rendered":"\n<p>V t\u00fddnu od 27. do 31. ledna se \u017e\u00e1ci 2. stupn\u011b z\u00fa\u010dastnili ly\u017ea\u0159sk\u00e9ho kurzu v Aprice.<\/p>\n\n\n\n<figure class=\"wp-block-embed is-type-video is-provider-youtube wp-block-embed-youtube wp-embed-aspect-16-9 wp-has-aspect-ratio\"><div class=\"wp-block-embed__wrapper\">\n<iframe loading=\"lazy\" title=\"Ly\u017ea\u0159sk\u00fd kurz v Aprice\" width=\"750\" height=\"422\" src=\"https:\/\/www.youtube.com\/embed\/ZH3I6w6f_vE?feature=oembed\" frameborder=\"0\" allow=\"accelerometer; autoplay; clipboard-write; encrypted-media; gyroscope; picture-in-picture; web-share\" referrerpolicy=\"strict-origin-when-cross-origin\" allowfullscreen><\/iframe>\n<\/div><\/figure>\n\n\n\n<p><\/p>\n","protected":false},"excerpt":{"rendered":"<p>V t\u00fddnu od 27. do 31. ledna se \u017e\u00e1ci 2. stupn\u011b z\u00fa\u010dastnili ly\u017ea\u0159sk\u00e9ho kurzu v Aprice.<\/p>\n","protected":false},"author":2,"featured_media":1279,"comment_status":"closed","ping_status":"","sticky":false,"template":"","format":"standard","meta":{"_editorskit_title_hidden":false,"_editorskit_reading_time":0,"_editorskit_is_block_options_detached":false,"_editorskit_block_options_position":"{}","footnotes":""},"categories":[5],"tags":[],"class_list":["post-1270","post","type-post","status-publish","format-standard","has-post-thumbnail","hentry","category-novinky"],"featured_image_src":"https:\/\/zsmikulasezhusi.cz\/wp-content\/uploads\/2025\/02\/PHOTO-2025-02-06-14-56-043-kopie-1.jpg","featured_image_src_square":"https:\/\/zsmikulasezhusi.cz\/wp-content\/uploads\/2025\/02\/PHOTO-2025-02-06-14-56-043-kopie-1.jpg","author_info":{"display_name":"Roman V\u011b\u017en\u00edk","author_link":"https:\/\/zsmikulasezhusi.cz\/?author=2"},"rbea_author_info":{"display_name":"Roman V\u011b\u017en\u00edk","author_link":"https:\/\/zsmikulasezhusi.cz\/?author=2"},"rbea_excerpt_info":"V t\u00fddnu od 27. do 31. ledna se \u017e\u00e1ci 2. stupn\u011b z\u00fa\u010dastnili ly\u017ea\u0159sk\u00e9ho kurzu v Aprice.","category_list":"<a href=\"https:\/\/zsmikulasezhusi.cz\/?cat=5\" rel=\"category\">Novinky<\/a>","comments_num":"0 comments","_links":{"self":[{"href":"https:\/\/zsmikulasezhusi.cz\/index.php?rest_route=\/wp\/v2\/posts\/1270","targetHints":{"allow":["GET"]}}],"collection":[{"href":"https:\/\/zsmikulasezhusi.cz\/index.php?rest_route=\/wp\/v2\/posts"}],"about":[{"href":"https:\/\/zsmikulasezhusi.cz\/index.php?rest_route=\/wp\/v2\/types\/post"}],"author":[{"embeddable":true,"href":"https:\/\/zsmikulasezhusi.cz\/index.php?rest_route=\/wp\/v2\/users\/2"}],"replies":[{"embeddable":true,"href":"https:\/\/zsmikulasezhusi.cz\/index.php?rest_route=%2Fwp%2Fv2%2Fcomments&post=1270"}],"version-history":[{"count":3,"href":"https:\/\/zsmikulasezhusi.cz\/index.php?rest_route=\/wp\/v2\/posts\/1270\/revisions"}],"predecessor-version":[{"id":1277,"href":"https:\/\/zsmikulasezhusi.cz\/index.php?rest_route=\/wp\/v2\/posts\/1270\/revisions\/1277"}],"wp:featuredmedia":[{"embeddable":true,"href":"https:\/\/zsmikulasezhusi.cz\/index.php?rest_route=\/wp\/v2\/media\/1279"}],"wp:attachment":[{"href":"https:\/\/zsmikulasezhusi.cz\/index.php?rest_route=%2Fwp%2Fv2%2Fmedia&parent=1270"}],"wp:term":[{"taxonomy":"category","embeddable":true,"href":"https:\/\/zsmikulasezhusi.cz\/index.php?rest_route=%2Fwp%2Fv2%2Fcategories&post=1270"},{"taxonomy":"post_tag","embeddable":true,"href":"https:\/\/zsmikulasezhusi.cz\/index.php?rest_route=%2Fwp%2Fv2%2Ftags&post=1270"}],"curies":[{"name":"wp","href":"https:\/\/api.w.org\/{rel}","templated":true}]}}