{"id":1245,"date":"2025-02-12T09:53:26","date_gmt":"2025-02-12T08:53:26","guid":{"rendered":"https:\/\/zsmikulasezhusi.cz\/?p=1245"},"modified":"2025-02-13T14:06:07","modified_gmt":"2025-02-13T13:06:07","slug":"leden-ve-druzine","status":"publish","type":"post","link":"https:\/\/zsmikulasezhusi.cz\/?p=1245","title":{"rendered":"LEDEN VE \u0160KOLN\u00cd DRU\u017dIN\u011a"},"content":{"rendered":"\n<p>\u010cty\u0159i lednov\u00e9 t\u00fddny byly v&nbsp;dru\u017ein\u011b op\u011bt ak\u010dn\u00ed.<\/p>\n\n\n\n<p>Dvakr\u00e1t jsme byli v\u00a0kin\u011b.\u00a0\u00a0Na p\u0159\u00edb\u011bhu \u201eJe\u017eek a Sonica 3\u201c a na \u010desk\u00e9 poh\u00e1dce o \u201eZlatovl\u00e1sce\u201c.<\/p>\n\n\n\n<p>V knihovn\u011b jsme, d\u00edky p\u0159\u00edb\u011bhu svat\u00e9 Lucie, vr\u00e1tili do prosince. Z\u00a0v\u00fdtvarn\u00e9 d\u00edlny si ti nej\u0161ikovn\u011bj\u0161\u00ed odnesli obr\u00e1zek sv. Lucie, lucerni\u010dku a sv\u00ed\u010dku.<\/p>\n\n\n\n<p>V Galerii 140 zase d\u011bti pro\u017eily hodinu a p\u016fl ve vojensk\u00e9m duchu.&nbsp;&nbsp;&nbsp;Nov\u00e1 v\u00fdstava je sezn\u00e1mila s&nbsp;vojenskou technikou i s vysv\u011btlen\u00edm, pro\u010d je vojensk\u00e9 pos\u00e1dka v&nbsp;T\u00e1bo\u0159e d\u016fle\u017eit\u00e1.<\/p>\n\n\n\n<p>Tak\u00e9 jsme v&nbsp;dru\u017ein\u011b va\u0159ili! Z pomeran\u010d\u016f d\u011bti p\u0159ipravily d\u017eus a pro odpoledne s rodi\u010di vytvo\u0159ily st\u0159echu a chlebov\u00e9 strome\u010dky.<\/p>\n\n\n\n<p>Posledn\u00ed odpoledne p\u0159ed pr\u00e1zdninami d\u011bti p\u0159edvedly rodi\u010d\u016fm program, se kter\u00fdm vystupovaly pro klienty Domova se zvl\u00e1\u0161tn\u00edm re\u017eimem t\u00e1borsk\u00e9ho G-Centra.<\/p>\n\n\n\n<p>Nakonec jsme se je\u0161t\u011b utkali s kamar\u00e1dy z&nbsp;Kl\u00ed\u010dku o Putovn\u00ed poh\u00e1r v&nbsp;ku\u017eelk\u00e1ch. T\u00e9to sout\u011b\u017ee jsme se \u00fa\u010dastnili u\u017e po patn\u00e1ct\u00e9!&nbsp;&nbsp;Po t\u00e9m\u011b\u0159 t\u0159\u00edhodinov\u00e9m souboji si poh\u00e1r odnesli z\u00e1vodn\u00edci z&nbsp;&nbsp;Kl\u00ed\u010dku. Na\u0161e dva t\u00fdmy se um\u00edstily na druh\u00e9m a \u010dtvrt\u00e9m m\u00edst\u011b. Snad se n\u00e1m p\u0159\u00ed\u0161t\u00ed rok poda\u0159\u00ed kone\u010dn\u011b po letech z\u00edskat do dru\u017einy poh\u00e1r!<\/p>\n\n\n\n<p>M. Stehl\u00edkov\u00e1<\/p>\n","protected":false},"excerpt":{"rendered":"<p>\u010cty\u0159i lednov\u00e9 t\u00fddny byly v&nbsp;dru\u017ein\u011b op\u011bt ak\u010dn\u00ed. Dvakr\u00e1t jsme byli v\u00a0kin\u011b.\u00a0\u00a0Na p\u0159\u00edb\u011bhu \u201eJe\u017eek a Sonica 3\u201c a na \u010desk\u00e9 poh\u00e1dce &hellip; <\/p>\n","protected":false},"author":2,"featured_media":1247,"comment_status":"closed","ping_status":"","sticky":false,"template":"","format":"standard","meta":{"_editorskit_title_hidden":false,"_editorskit_reading_time":0,"_editorskit_is_block_options_detached":false,"_editorskit_block_options_position":"{}","footnotes":""},"categories":[5,4],"tags":[],"class_list":["post-1245","post","type-post","status-publish","format-standard","has-post-thumbnail","hentry","category-novinky","category-skolni-druzina"],"featured_image_src":"https:\/\/zsmikulasezhusi.cz\/wp-content\/uploads\/2025\/02\/1737998427291.jpg","featured_image_src_square":"https:\/\/zsmikulasezhusi.cz\/wp-content\/uploads\/2025\/02\/1737998427291.jpg","author_info":{"display_name":"Roman V\u011b\u017en\u00edk","author_link":"https:\/\/zsmikulasezhusi.cz\/?author=2"},"rbea_author_info":{"display_name":"Roman V\u011b\u017en\u00edk","author_link":"https:\/\/zsmikulasezhusi.cz\/?author=2"},"rbea_excerpt_info":"\u010cty\u0159i lednov\u00e9 t\u00fddny byly v&nbsp;dru\u017ein\u011b op\u011bt ak\u010dn\u00ed. Dvakr\u00e1t jsme byli v\u00a0kin\u011b.\u00a0\u00a0Na p\u0159\u00edb\u011bhu \u201eJe\u017eek a Sonica 3\u201c a na \u010desk\u00e9 poh\u00e1dce &hellip; ","category_list":"<a href=\"https:\/\/zsmikulasezhusi.cz\/?cat=5\" rel=\"category\">Novinky<\/a>, <a href=\"https:\/\/zsmikulasezhusi.cz\/?cat=4\" rel=\"category\">\u0161koln\u00ed dru\u017eina<\/a>","comments_num":"0 comments","_links":{"self":[{"href":"https:\/\/zsmikulasezhusi.cz\/index.php?rest_route=\/wp\/v2\/posts\/1245","targetHints":{"allow":["GET"]}}],"collection":[{"href":"https:\/\/zsmikulasezhusi.cz\/index.php?rest_route=\/wp\/v2\/posts"}],"about":[{"href":"https:\/\/zsmikulasezhusi.cz\/index.php?rest_route=\/wp\/v2\/types\/post"}],"author":[{"embeddable":true,"href":"https:\/\/zsmikulasezhusi.cz\/index.php?rest_route=\/wp\/v2\/users\/2"}],"replies":[{"embeddable":true,"href":"https:\/\/zsmikulasezhusi.cz\/index.php?rest_route=%2Fwp%2Fv2%2Fcomments&post=1245"}],"version-history":[{"count":2,"href":"https:\/\/zsmikulasezhusi.cz\/index.php?rest_route=\/wp\/v2\/posts\/1245\/revisions"}],"predecessor-version":[{"id":1252,"href":"https:\/\/zsmikulasezhusi.cz\/index.php?rest_route=\/wp\/v2\/posts\/1245\/revisions\/1252"}],"wp:featuredmedia":[{"embeddable":true,"href":"https:\/\/zsmikulasezhusi.cz\/index.php?rest_route=\/wp\/v2\/media\/1247"}],"wp:attachment":[{"href":"https:\/\/zsmikulasezhusi.cz\/index.php?rest_route=%2Fwp%2Fv2%2Fmedia&parent=1245"}],"wp:term":[{"taxonomy":"category","embeddable":true,"href":"https:\/\/zsmikulasezhusi.cz\/index.php?rest_route=%2Fwp%2Fv2%2Fcategories&post=1245"},{"taxonomy":"post_tag","embeddable":true,"href":"https:\/\/zsmikulasezhusi.cz\/index.php?rest_route=%2Fwp%2Fv2%2Ftags&post=1245"}],"curies":[{"name":"wp","href":"https:\/\/api.w.org\/{rel}","templated":true}]}}