{"id":1005,"date":"2024-09-13T14:53:26","date_gmt":"2024-09-13T12:53:26","guid":{"rendered":"https:\/\/zsmikulasezhusi.cz\/?p=1005"},"modified":"2024-09-30T09:34:59","modified_gmt":"2024-09-30T07:34:59","slug":"tuleni-z-klasteraku","status":"publish","type":"post","link":"https:\/\/zsmikulasezhusi.cz\/?p=1005","title":{"rendered":"Tuleni z Kl\u00e1\u0161ter\u00e1ku"},"content":{"rendered":"\n<p>V\u00e1\u017een\u00ed rodi\u010de,&nbsp;<br>leto\u0161n\u00ed rok&nbsp; 2024\/2025 op\u011bt na&nbsp; na\u0161\u00ed \u0161kole otev\u00edr\u00e1me krou\u017eek&nbsp; \u201eTuleni z&nbsp;Kl\u00e1\u0161ter\u00e1ku\u201c. Vede d\u011bti k pravideln\u00e9mu otu\u017eov\u00e1n\u00ed. P\u0159ihl\u00e1sit se mohou v&nbsp;kabinetu t\u011blesn\u00e9 v\u00fdchovy. P\u0159ihl\u00e1\u0161ku mus\u00ed podepsat jejich z\u00e1konn\u00fd z\u00e1stupce.<br>Budeme se sch\u00e1zet ka\u017edou st\u0159edu v&nbsp;15:00 hod na Sokolsk\u00e9 plov\u00e1rn\u011b v&nbsp;T\u00e1bo\u0159e. D\u011bti zpo\u010d\u00e1tku pot\u0159ebuj\u00ed pouze pantofle, ru\u010dn\u00edk a plavky. Pokud u otu\u017eov\u00e1n\u00ed vydr\u017e\u00ed, tak by bylo dobr\u00e9 po\u0159\u00eddit jim&nbsp; \u017eupan, kter\u00fd budou pou\u017e\u00edvat v&nbsp;chladn\u011bj\u0161\u00edm obdob\u00ed p\u0159i p\u0159evl\u00e9k\u00e1n\u00ed a na bezprost\u0159edn\u00ed zah\u0159\u00e1t\u00ed.<br>Krou\u017eek bude v\u017edy zah\u00e1jen i ukon\u010den na plov\u00e1rn\u011b. Na bezpe\u010dnost d\u011bt\u00ed dohl\u00ed\u017eej\u00ed u\u010ditel\u00e9 z&nbsp;na\u0161\u00ed z\u00e1kladn\u00ed \u0161koly.&nbsp;<br>Za ka\u017ed\u00e9 pono\u0159en\u00ed do vody z\u00edskaj\u00ed d\u011bti&nbsp; ur\u010dit\u00fd po\u010det bod\u016f. V&nbsp;\u010dervnu pak budou na z\u00e1v\u011bre\u010dn\u00e9 akademii vyhl\u00e1\u0161eny a odm\u011bn\u011bny ty, kter\u00e9 u otu\u017eov\u00e1n\u00ed vydr\u017e\u00ed cel\u00fd \u0161koln\u00ed rok.<\/p>\n\n\n\n<p><strong>Krou\u017eek je ur\u010den pro d\u011bti druh\u00e9ho stupn\u011b. Podm\u00ednkou \u00fa\u010dasti je, \u017ee d\u00edt\u011b mus\u00ed um\u011bt plavat.<\/strong><\/p>\n\n\n\n<p><strong>&nbsp;&nbsp;&nbsp;&nbsp;&nbsp;&nbsp;&nbsp;&nbsp;&nbsp;&nbsp;&nbsp;&nbsp;&nbsp;&nbsp;&nbsp;&nbsp;&nbsp;&nbsp;&nbsp;&nbsp;&nbsp;&nbsp;&nbsp;&nbsp;&nbsp;&nbsp;&nbsp;&nbsp;&nbsp;&nbsp;&nbsp;&nbsp;&nbsp;&nbsp;&nbsp;&nbsp;&nbsp;&nbsp;&nbsp;&nbsp;&nbsp;&nbsp;&nbsp;&nbsp;&nbsp;&nbsp;&nbsp;&nbsp;&nbsp;&nbsp;&nbsp;&nbsp;&nbsp;&nbsp;&nbsp;&nbsp;&nbsp;&nbsp;&nbsp;&nbsp;&nbsp;&nbsp;&nbsp;&nbsp;&nbsp;&nbsp;&nbsp;&nbsp;&nbsp;&nbsp;&nbsp;&nbsp;&nbsp;&nbsp;&nbsp;&nbsp;&nbsp;&nbsp;&nbsp;&nbsp;&nbsp;&nbsp;&nbsp;&nbsp;&nbsp;&nbsp;&nbsp;&nbsp;&nbsp;&nbsp;&nbsp;&nbsp;&nbsp;&nbsp; <\/strong>Igor Svoboda<\/p>\n\n\n\n<p>V z\u00e1\u0159\u00ed 2023 jsme u n\u00e1s ve \u0161kole zalo\u017eili skupinu s n\u00e1zvem \u201eTuleni z Kl\u00e1\u0161ter\u00e1ku\u201c. Jedn\u00e1 se o d\u011bti a dosp\u011bl\u00e9 z na\u0161\u00ed \u0161koly Spolku rodi\u010d\u016f a p\u0159\u00e1tel \u0161koly, kte\u0159\u00ed se rozhodli otestovat svoji odolnost proti studen\u00e9 vod\u011b a za\u010dali se otu\u017eovat.<\/p>\n\n\n\n<p>Vymysleli jsme syst\u00e9m bodov\u00e1n\u00ed a hodnost\u00ed, kter\u00fdch lze dos\u00e1hnout celoro\u010dn\u00edm otu\u017eov\u00e1n\u00edm v t\u00e1borsk\u00e9m Jord\u00e1nu nebo i v jin\u00fdch lokalit\u00e1ch. Body se daly z\u00edskat pouze spole\u010dn\u00fdm nam\u00e1\u010den\u00edm. Proto\u017ee v\u0161ak bylo ve skupin\u011b velk\u00e9 mno\u017estv\u00ed \u010dlen\u016f, kte\u0159\u00ed m\u011bli i jin\u00e9 aktivity, dohodli jsme se, \u017ee budou n\u00e1hradn\u00ed term\u00edny.<\/p>\n\n\n\n<p>Na\u0161e nam\u00e1\u010den\u00ed za\u010dalo v \u0159\u00edjnu, kdy voda je\u0161t\u011b byla p\u0159\u00edjemn\u011b tepl\u00e1. Jak se postupn\u011b ochlazovala, za\u010daly odpadat slab\u0161\u00ed povahy. Ve skupin\u011b nicm\u00e9n\u011b vydr\u017eelo cca 15 odv\u00e1\u017en\u00fdch d\u011bt\u00ed a 3 dosp\u011bl\u00ed. P\u0159i hromadn\u00fdch ve\u0159ejn\u00fdch akc\u00edch se n\u00e1m poda\u0159ilo zl\u00e1kat k otu\u017eileck\u00fdm v\u00fdkon\u016fm i n\u011bkter\u00e9 rodi\u010de. Douf\u00e1me, \u017ee si to s n\u00e1mi n\u00e1ramn\u011b u\u017eili.<\/p>\n\n\n\n<p>Ve\u0159ejn\u00fdch akc\u00ed jsme se z\u00fa\u010dastnili b\u011bhem zimn\u00ed sezony n\u011bkolika. Na Sokolsk\u00e9 plov\u00e1rn\u011b nap\u0159. Mikul\u00e1\u0161sk\u00e9ho, V\u00e1no\u010dn\u00edho, velikono\u010dn\u00edho nam\u00e1\u010den\u00ed. Na Nov\u00fd rok jsme byli i v Jistebnici.<\/p>\n\n\n\n<p>No\u0159it do chladn\u00e9 vody se budeme je\u0161t\u011b do konce dubna. Nej\u00fasp\u011b\u0161n\u011bj\u0161\u00ed otu\u017eilce jsme vyhl\u00e1s\u00edli a ocenili na konci \u0161koln\u00edho roku.<\/p>\n\n\n\n<p>A v Z\u00c1\u0158\u00cd se t\u011b\u0161\u00edme, \u017ee na\u0161\u00ed \u201etulen\u00ed\u201c skupinu roz\u0161\u00ed\u0159\u00ed nov\u00ed \u010dlenov\u00e9.<\/p>\n\n\n\n<p>Igor Svoboda<\/p>\n","protected":false},"excerpt":{"rendered":"<p>V\u00e1\u017een\u00ed rodi\u010de,&nbsp;leto\u0161n\u00ed rok&nbsp; 2024\/2025 op\u011bt na&nbsp; na\u0161\u00ed \u0161kole otev\u00edr\u00e1me krou\u017eek&nbsp; \u201eTuleni z&nbsp;Kl\u00e1\u0161ter\u00e1ku\u201c. Vede d\u011bti k pravideln\u00e9mu otu\u017eov\u00e1n\u00ed. P\u0159ihl\u00e1sit se mohou &hellip; <\/p>\n","protected":false},"author":2,"featured_media":1027,"comment_status":"closed","ping_status":"","sticky":false,"template":"","format":"standard","meta":{"_editorskit_title_hidden":false,"_editorskit_reading_time":0,"_editorskit_is_block_options_detached":false,"_editorskit_block_options_position":"{}","footnotes":""},"categories":[5],"tags":[],"class_list":["post-1005","post","type-post","status-publish","format-standard","has-post-thumbnail","hentry","category-novinky"],"featured_image_src":"https:\/\/zsmikulasezhusi.cz\/wp-content\/uploads\/2024\/09\/IMG_8916-scaled.jpg","featured_image_src_square":"https:\/\/zsmikulasezhusi.cz\/wp-content\/uploads\/2024\/09\/IMG_8916-scaled.jpg","author_info":{"display_name":"Roman V\u011b\u017en\u00edk","author_link":"https:\/\/zsmikulasezhusi.cz\/?author=2"},"rbea_author_info":{"display_name":"Roman V\u011b\u017en\u00edk","author_link":"https:\/\/zsmikulasezhusi.cz\/?author=2"},"rbea_excerpt_info":"V\u00e1\u017een\u00ed rodi\u010de,&nbsp;leto\u0161n\u00ed rok&nbsp; 2024\/2025 op\u011bt na&nbsp; na\u0161\u00ed \u0161kole otev\u00edr\u00e1me krou\u017eek&nbsp; \u201eTuleni z&nbsp;Kl\u00e1\u0161ter\u00e1ku\u201c. Vede d\u011bti k pravideln\u00e9mu otu\u017eov\u00e1n\u00ed. P\u0159ihl\u00e1sit se mohou &hellip; ","category_list":"<a href=\"https:\/\/zsmikulasezhusi.cz\/?cat=5\" rel=\"category\">Novinky<\/a>","comments_num":"0 comments","_links":{"self":[{"href":"https:\/\/zsmikulasezhusi.cz\/index.php?rest_route=\/wp\/v2\/posts\/1005","targetHints":{"allow":["GET"]}}],"collection":[{"href":"https:\/\/zsmikulasezhusi.cz\/index.php?rest_route=\/wp\/v2\/posts"}],"about":[{"href":"https:\/\/zsmikulasezhusi.cz\/index.php?rest_route=\/wp\/v2\/types\/post"}],"author":[{"embeddable":true,"href":"https:\/\/zsmikulasezhusi.cz\/index.php?rest_route=\/wp\/v2\/users\/2"}],"replies":[{"embeddable":true,"href":"https:\/\/zsmikulasezhusi.cz\/index.php?rest_route=%2Fwp%2Fv2%2Fcomments&post=1005"}],"version-history":[{"count":2,"href":"https:\/\/zsmikulasezhusi.cz\/index.php?rest_route=\/wp\/v2\/posts\/1005\/revisions"}],"predecessor-version":[{"id":1024,"href":"https:\/\/zsmikulasezhusi.cz\/index.php?rest_route=\/wp\/v2\/posts\/1005\/revisions\/1024"}],"wp:featuredmedia":[{"embeddable":true,"href":"https:\/\/zsmikulasezhusi.cz\/index.php?rest_route=\/wp\/v2\/media\/1027"}],"wp:attachment":[{"href":"https:\/\/zsmikulasezhusi.cz\/index.php?rest_route=%2Fwp%2Fv2%2Fmedia&parent=1005"}],"wp:term":[{"taxonomy":"category","embeddable":true,"href":"https:\/\/zsmikulasezhusi.cz\/index.php?rest_route=%2Fwp%2Fv2%2Fcategories&post=1005"},{"taxonomy":"post_tag","embeddable":true,"href":"https:\/\/zsmikulasezhusi.cz\/index.php?rest_route=%2Fwp%2Fv2%2Ftags&post=1005"}],"curies":[{"name":"wp","href":"https:\/\/api.w.org\/{rel}","templated":true}]}}